{"id":838,"date":"2024-03-14T09:05:32","date_gmt":"2024-03-14T08:05:32","guid":{"rendered":"http:\/\/www.centrosocialnovacaixagalicia.com\/naturnova\/portal\/?p=838"},"modified":"2024-03-14T09:05:33","modified_gmt":"2024-03-14T08:05:33","slug":"horario-de-semana-santa-2022","status":"publish","type":"post","link":"https:\/\/naturnova.afundacion.org\/portal\/es\/horario-de-semana-santa-2022\/","title":{"rendered":"Semana Santa 2024 en Naturnova"},"content":{"rendered":"\n<figure class=\"wp-block-image size-large is-resized\"><img loading=\"lazy\" src=\"https:\/\/naturnova.afundacion.org\/portal\/wp-content\/uploads\/2024\/03\/horario_naturnova_a3_SS_page-0001-1-724x1024.jpg\" alt=\"\" class=\"wp-image-3184\" width=\"353\" height=\"499\" srcset=\"https:\/\/naturnova.afundacion.org\/portal\/wp-content\/uploads\/2024\/03\/horario_naturnova_a3_SS_page-0001-1-724x1024.jpg 724w, https:\/\/naturnova.afundacion.org\/portal\/wp-content\/uploads\/2024\/03\/horario_naturnova_a3_SS_page-0001-1-212x300.jpg 212w, https:\/\/naturnova.afundacion.org\/portal\/wp-content\/uploads\/2024\/03\/horario_naturnova_a3_SS_page-0001-1-768x1086.jpg 768w, https:\/\/naturnova.afundacion.org\/portal\/wp-content\/uploads\/2024\/03\/horario_naturnova_a3_SS_page-0001-1-1086x1536.jpg 1086w, https:\/\/naturnova.afundacion.org\/portal\/wp-content\/uploads\/2024\/03\/horario_naturnova_a3_SS_page-0001-1-1448x2048.jpg 1448w, https:\/\/naturnova.afundacion.org\/portal\/wp-content\/uploads\/2024\/03\/horario_naturnova_a3_SS_page-0001-1.jpg 1754w\" sizes=\"(max-width: 353px) 100vw, 353px\" \/><\/figure>\n\n\n<p>\u00bfQuieres vivir una verdadera<span style=\"color: #000000;\"> aventura<\/span> en pleno centro de Vigo? Esta <span style=\"color: #333333;\"><strong>Semana Santa Naturnova<\/strong><\/span> abre sus puertas para que todos y todas pod\u00e1is pasar una estupenda tarde en familia descubriendo los misterios m\u00e1s fondos de la naturaleza y del medio.<\/p>\n<p>Marca ya en el calendario los d\u00edas <span style=\"color: #000000;\"><strong>25, 26 y 27 de marzo <\/strong><\/span>\u00a0porque, de <span style=\"color: #333333;\"><strong>17:30 a 20:30<\/strong><\/span>, tienes una cita con nuestro museo interactivo en la calle Vel\u00e1zquez Moreno, 18. Un museo \u00fanico en la ciudad en el que podr\u00e1s hacer un viaje submarino, tocar\u00a0una nube o adentrarte en las profundidades del Sistema Solar.<\/p>\n<p>Si quieres el plan perfecto para tu familia no dudes en visitarnos.<\/p>\n<p>Adem\u00e1s, este a\u00f1o, puedes pagar tu entrada con alimentos, ya que Naturnova se suma al programa &#8220;<a href=\"https:\/\/culturaporalimentos.afundacion.org\" target=\"_blank\" rel=\"noopener noreferrer\"><strong>Cultura por alimentos<\/strong><\/a>&#8220;, que ir\u00e1n destinados al banco de alimentos.<\/p>\n<p>Esta semana Santa te esperamos en Naturnova.<span style=\"color: #000000;\"><strong> \u00a1Acomp\u00e1\u00f1anos!<\/strong><\/span><\/p>","protected":false},"excerpt":{"rendered":"<p>\u00bfQuieres vivir una verdadera aventura en pleno centro de Vigo? Esta Semana Santa Naturnova abre sus puertas para que todos y todas pod\u00e1is pasar una estupenda tarde en familia descubriendo los misterios m\u00e1s fondos de la naturaleza y del medio. Marca ya en el calendario los d\u00edas 25, 26 y 27 de marzo \u00a0porque, de [&hellip;]<\/p>\n","protected":false},"author":1,"featured_media":2410,"comment_status":"closed","ping_status":"closed","sticky":false,"template":"","format":"standard","meta":[],"categories":[60],"tags":[110,112,74,114,116,80],"_links":{"self":[{"href":"https:\/\/naturnova.afundacion.org\/portal\/wp-json\/wp\/v2\/posts\/838"}],"collection":[{"href":"https:\/\/naturnova.afundacion.org\/portal\/wp-json\/wp\/v2\/posts"}],"about":[{"href":"https:\/\/naturnova.afundacion.org\/portal\/wp-json\/wp\/v2\/types\/post"}],"author":[{"embeddable":true,"href":"https:\/\/naturnova.afundacion.org\/portal\/wp-json\/wp\/v2\/users\/1"}],"replies":[{"embeddable":true,"href":"https:\/\/naturnova.afundacion.org\/portal\/wp-json\/wp\/v2\/comments?post=838"}],"version-history":[{"count":30,"href":"https:\/\/naturnova.afundacion.org\/portal\/wp-json\/wp\/v2\/posts\/838\/revisions"}],"predecessor-version":[{"id":3185,"href":"https:\/\/naturnova.afundacion.org\/portal\/wp-json\/wp\/v2\/posts\/838\/revisions\/3185"}],"wp:featuredmedia":[{"embeddable":true,"href":"https:\/\/naturnova.afundacion.org\/portal\/wp-json\/wp\/v2\/media\/2410"}],"wp:attachment":[{"href":"https:\/\/naturnova.afundacion.org\/portal\/wp-json\/wp\/v2\/media?parent=838"}],"wp:term":[{"taxonomy":"category","embeddable":true,"href":"https:\/\/naturnova.afundacion.org\/portal\/wp-json\/wp\/v2\/categories?post=838"},{"taxonomy":"post_tag","embeddable":true,"href":"https:\/\/naturnova.afundacion.org\/portal\/wp-json\/wp\/v2\/tags?post=838"}],"curies":[{"name":"wp","href":"https:\/\/api.w.org\/{rel}","templated":true}]}}