{"id":3263,"date":"2025-03-01T17:49:56","date_gmt":"2025-03-01T16:49:56","guid":{"rendered":"https:\/\/naturnova.afundacion.org\/portal\/?p=3263"},"modified":"2025-03-01T17:52:00","modified_gmt":"2025-03-01T16:52:00","slug":"dia-mundial-dos-bosques","status":"publish","type":"post","link":"https:\/\/naturnova.afundacion.org\/portal\/gl\/dia-mundial-dos-bosques\/","title":{"rendered":"D\u00eda Mundial dos Bosques"},"content":{"rendered":"\n<figure class=\"wp-block-image size-large\"><img loading=\"lazy\" width=\"1024\" height=\"682\" src=\"https:\/\/naturnova.afundacion.org\/portal\/wp-content\/uploads\/2025\/02\/forest-3369950-1-1024x682.jpg\" alt=\"\" class=\"wp-image-3264\" srcset=\"https:\/\/naturnova.afundacion.org\/portal\/wp-content\/uploads\/2025\/02\/forest-3369950-1-1024x682.jpg 1024w, https:\/\/naturnova.afundacion.org\/portal\/wp-content\/uploads\/2025\/02\/forest-3369950-1-300x200.jpg 300w, https:\/\/naturnova.afundacion.org\/portal\/wp-content\/uploads\/2025\/02\/forest-3369950-1-768x511.jpg 768w, https:\/\/naturnova.afundacion.org\/portal\/wp-content\/uploads\/2025\/02\/forest-3369950-1-1536x1023.jpg 1536w, https:\/\/naturnova.afundacion.org\/portal\/wp-content\/uploads\/2025\/02\/forest-3369950-1-2048x1363.jpg 2048w\" sizes=\"(max-width: 1024px) 100vw, 1024px\" \/><\/figure>\n\n\n\n<p>Celebramos o D\u00eda Mundial dos Bosques con actividades especiais para toda a familia! En Naturnova, un\u00edmonos \u00e1 concienciaci\u00f3n sobre a importancia de protexer e valorar os nosos bosques, e convid\u00e1mosvos a participar nas seguintes actividades:<\/p>\n\n\n\n<h3><strong>Obradoiro de insectos<\/strong><\/h3>\n\n\n\n<p>\ud83d\udcc5\u00a0<strong>Data:<\/strong>\u00a021 de marzo do 2025<br>\u23f0\u00a0<strong>Hora:<\/strong>\u00a017:00 &#8211; 18:30 (apertura de portas do museo \u00e1s 16:30)<br>Descubre o fascinante mundo dos insectos e o seu papel crucial nos ecosistemas forestais. Neste obradoiro interactivo, aprender\u00e1s como estes pequenos seres contrib\u00faen ao equilibrio dos bosques e por que son esenciais para a s\u00faa supervivencia. Unha actividade perfecta para curiosos de todas as idades!<\/p>\n\n\n\n<p>Esta actividade est\u00e1 englobada no programa&nbsp;<strong>Cultura por Alimentos<\/strong>, polo que para acceder a este taller \u00e9 imprescindible ter as prazas infant\u00eds reservadas e achegar o d\u00eda do taller alimentos non perecedeiros destinados ao Banco de Alimentos de Vigo. Se non se achegan alimentos, cobrarase unha entrada de 5\u20ac por neno\/a.<\/p>\n\n\n\n<p>Podes reservar a t\u00faa praza a trav\u00e9s do seguinte <a href=\"https:\/\/forms.gle\/S7HUzZZinFZDnB2w5\" data-type=\"URL\" data-id=\"https:\/\/forms.gle\/S7HUzZZinFZDnB2w5\">formulario<\/a><\/p>\n\n\n\n<h3><strong>Exposici\u00f3n: &#8220;Un mundo de \u00e1rbores&#8221;<\/strong><\/h3>\n\n\n\n<p>\ud83c\udf33\u00a0<strong>Data:<\/strong>\u00a0S\u00e1bados desde o 21 de marzo ao 26 de abril do 2025<br>\u23f0\u00a0<strong>Hora:<\/strong>\u00a017:30 &#8211; 20:30 <br>Explora a nosa exposici\u00f3n dedicada aos bosques, onde descubrir\u00e1s a s\u00faa biodiversidade, a s\u00faa importancia para o clima e a s\u00faa relaci\u00f3n coa vida na Terra. Ademais, contaremos cunha\u00a0<strong>unidade did\u00e1ctica espec\u00edfica<\/strong>\u00a0para que os visitantes poidan profundizar no tema dun xeito educativo e ameno.<\/p>\n\n\n\n<p>\ud83c\udf81&nbsp;<strong>\u00a1Sorpresa ecol\u00f3xica!<\/strong><br>Como parte da nosa celebraci\u00f3n,&nbsp;<strong>regalaremos \u00e1rbores<\/strong>&nbsp;aos asistentes ata esgotar existencias. Unha forma simb\u00f3lica de contribu\u00edr \u00e1 reforestaci\u00f3n e ao coidado dos nosos bosques.<\/p>\n\n\n\n<p>Non perdas esta oportunidade de conectar coa natureza e aprender como podemos ser parte activa na protecci\u00f3n dos bosques. <\/p>\n\n\n\n<p><\/p>\n","protected":false},"excerpt":{"rendered":"<p>Celebramos o D\u00eda Mundial dos Bosques con actividades especiais para toda a familia! En Naturnova, un\u00edmonos \u00e1 concienciaci\u00f3n sobre a importancia de protexer e valorar os nosos bosques, e convid\u00e1mosvos a participar nas seguintes actividades: Obradoiro de insectos \ud83d\udcc5\u00a0Data:\u00a021 de marzo do 2025\u23f0\u00a0Hora:\u00a017:00 &#8211; 18:30 (apertura de portas do museo \u00e1s 16:30)Descubre o fascinante mundo [&hellip;]<\/p>\n","protected":false},"author":1,"featured_media":3264,"comment_status":"closed","ping_status":"closed","sticky":false,"template":"","format":"standard","meta":[],"categories":[1],"tags":[],"_links":{"self":[{"href":"https:\/\/naturnova.afundacion.org\/portal\/wp-json\/wp\/v2\/posts\/3263"}],"collection":[{"href":"https:\/\/naturnova.afundacion.org\/portal\/wp-json\/wp\/v2\/posts"}],"about":[{"href":"https:\/\/naturnova.afundacion.org\/portal\/wp-json\/wp\/v2\/types\/post"}],"author":[{"embeddable":true,"href":"https:\/\/naturnova.afundacion.org\/portal\/wp-json\/wp\/v2\/users\/1"}],"replies":[{"embeddable":true,"href":"https:\/\/naturnova.afundacion.org\/portal\/wp-json\/wp\/v2\/comments?post=3263"}],"version-history":[{"count":3,"href":"https:\/\/naturnova.afundacion.org\/portal\/wp-json\/wp\/v2\/posts\/3263\/revisions"}],"predecessor-version":[{"id":3270,"href":"https:\/\/naturnova.afundacion.org\/portal\/wp-json\/wp\/v2\/posts\/3263\/revisions\/3270"}],"wp:featuredmedia":[{"embeddable":true,"href":"https:\/\/naturnova.afundacion.org\/portal\/wp-json\/wp\/v2\/media\/3264"}],"wp:attachment":[{"href":"https:\/\/naturnova.afundacion.org\/portal\/wp-json\/wp\/v2\/media?parent=3263"}],"wp:term":[{"taxonomy":"category","embeddable":true,"href":"https:\/\/naturnova.afundacion.org\/portal\/wp-json\/wp\/v2\/categories?post=3263"},{"taxonomy":"post_tag","embeddable":true,"href":"https:\/\/naturnova.afundacion.org\/portal\/wp-json\/wp\/v2\/tags?post=3263"}],"curies":[{"name":"wp","href":"https:\/\/api.w.org\/{rel}","templated":true}]}}