{"id":3260,"date":"2025-03-01T17:50:37","date_gmt":"2025-03-01T16:50:37","guid":{"rendered":"https:\/\/naturnova.afundacion.org\/portal\/?p=3260"},"modified":"2025-03-01T17:51:32","modified_gmt":"2025-03-01T16:51:32","slug":"dia-mundial-de-los-bosques-actividades","status":"publish","type":"post","link":"https:\/\/naturnova.afundacion.org\/portal\/es\/dia-mundial-de-los-bosques-actividades\/","title":{"rendered":"D\u00eda Mundial de los Bosques. Actividades"},"content":{"rendered":"\n<figure class=\"wp-block-image size-large\"><img loading=\"lazy\" width=\"1024\" height=\"682\" src=\"https:\/\/naturnova.afundacion.org\/portal\/wp-content\/uploads\/2025\/02\/forest-3369950-1024x682.jpg\" alt=\"\" class=\"wp-image-3261\" srcset=\"https:\/\/naturnova.afundacion.org\/portal\/wp-content\/uploads\/2025\/02\/forest-3369950-1024x682.jpg 1024w, https:\/\/naturnova.afundacion.org\/portal\/wp-content\/uploads\/2025\/02\/forest-3369950-300x200.jpg 300w, https:\/\/naturnova.afundacion.org\/portal\/wp-content\/uploads\/2025\/02\/forest-3369950-768x511.jpg 768w, https:\/\/naturnova.afundacion.org\/portal\/wp-content\/uploads\/2025\/02\/forest-3369950-1536x1023.jpg 1536w, https:\/\/naturnova.afundacion.org\/portal\/wp-content\/uploads\/2025\/02\/forest-3369950-2048x1363.jpg 2048w\" sizes=\"(max-width: 1024px) 100vw, 1024px\" \/><\/figure>\n\n\n\n<p>\u00a1Celebramos el D\u00eda Mundial de los Bosques con actividades especiales para toda la familia! En el museo, nos unimos a la concienciaci\u00f3n sobre la importancia de proteger y valorar nuestros bosques, y te invitamos a participar en las siguientes actividades:<\/p>\n\n\n\n<h3><strong>Taller de Insectos: <\/strong><\/h3>\n\n\n\n<p>\ud83d\udcc5\u00a0<strong>Fecha:<\/strong>\u00a021 de marzo del 2025<br>\u23f0\u00a0<strong>Hora:<\/strong>\u00a017:00 &#8211; 18:30 (apertura puertas museo 16:30)<br>Descubre el fascinante mundo de los insectos y su papel crucial en los ecosistemas forestales. En este taller interactivo, aprender\u00e1s c\u00f3mo estos peque\u00f1os seres contribuyen al equilibrio de los bosques y por qu\u00e9 son esenciales para su supervivencia. \u00a1Una actividad perfecta para curiosos de todas las edades!<\/p>\n\n\n\n<p>Esta actividad se engloba en el programa&nbsp;<strong>Cultura por alimentos<\/strong>, por lo que para el&nbsp; acceso a este taller es imprescindible tener las plazas infantiles reservadas y aportar el d\u00eda del taller alimentos no perecederos destinados al Banco de Alimentos de Vigo, sino se cobrar\u00e1 una entrada de 5\u20ac\/ni\u00f1@<\/p>\n\n\n\n<p>A trav\u00e9s del siguiente <a rel=\"noreferrer noopener\" href=\"https:\/\/forms.gle\/BM5NVr1v4UnrgaQs7\" target=\"_blank\">formulario<\/a><\/p>\n\n\n\n<h3><strong>Exposici\u00f3n: &#8220;Un mundo de \u00e1rboles&#8221;<\/strong><\/h3>\n\n\n\n<p>\ud83c\udf33\u00a0<strong>Fecha:<\/strong>\u00a0S\u00e1bados desde el 21 de marzo hasta el 26 de abril del 2025 de 17:30 a 20:30<br>Explora nuestra exposici\u00f3n dedicada a los bosques, donde descubrir\u00e1s su biodiversidad, su importancia para el clima y su relaci\u00f3n con la vida en la Tierra. Adem\u00e1s, contaremos con una\u00a0<strong>unidad did\u00e1ctica espec\u00edfica<\/strong>\u00a0para que los visitantes puedan profundizar en el tema de manera educativa y entretenida.<\/p>\n\n\n\n<p>\ud83c\udf81&nbsp;<strong>\u00a1Sorpresa ecol\u00f3gica!<\/strong><br>Como parte de nuestra celebraci\u00f3n,&nbsp;<strong>regalaremos \u00e1rboles<\/strong>&nbsp;a los asistentes hasta agotar existencias. Una forma simb\u00f3lica de contribuir a la reforestaci\u00f3n y al cuidado de nuestros bosques.<\/p>\n\n\n\n<p>No te pierdas esta oportunidad de conectar con la naturaleza y aprender c\u00f3mo podemos ser parte activa en la protecci\u00f3n de los bosques. \u00a1Te esperamos!<\/p>\n","protected":false},"excerpt":{"rendered":"<p>\u00a1Celebramos el D\u00eda Mundial de los Bosques con actividades especiales para toda la familia! En el museo, nos unimos a la concienciaci\u00f3n sobre la importancia de proteger y valorar nuestros bosques, y te invitamos a participar en las siguientes actividades: Taller de Insectos: \ud83d\udcc5\u00a0Fecha:\u00a021 de marzo del 2025\u23f0\u00a0Hora:\u00a017:00 &#8211; 18:30 (apertura puertas museo 16:30)Descubre el [&hellip;]<\/p>\n","protected":false},"author":1,"featured_media":3264,"comment_status":"closed","ping_status":"closed","sticky":false,"template":"","format":"standard","meta":[],"categories":[60],"tags":[],"_links":{"self":[{"href":"https:\/\/naturnova.afundacion.org\/portal\/wp-json\/wp\/v2\/posts\/3260"}],"collection":[{"href":"https:\/\/naturnova.afundacion.org\/portal\/wp-json\/wp\/v2\/posts"}],"about":[{"href":"https:\/\/naturnova.afundacion.org\/portal\/wp-json\/wp\/v2\/types\/post"}],"author":[{"embeddable":true,"href":"https:\/\/naturnova.afundacion.org\/portal\/wp-json\/wp\/v2\/users\/1"}],"replies":[{"embeddable":true,"href":"https:\/\/naturnova.afundacion.org\/portal\/wp-json\/wp\/v2\/comments?post=3260"}],"version-history":[{"count":3,"href":"https:\/\/naturnova.afundacion.org\/portal\/wp-json\/wp\/v2\/posts\/3260\/revisions"}],"predecessor-version":[{"id":3269,"href":"https:\/\/naturnova.afundacion.org\/portal\/wp-json\/wp\/v2\/posts\/3260\/revisions\/3269"}],"wp:featuredmedia":[{"embeddable":true,"href":"https:\/\/naturnova.afundacion.org\/portal\/wp-json\/wp\/v2\/media\/3264"}],"wp:attachment":[{"href":"https:\/\/naturnova.afundacion.org\/portal\/wp-json\/wp\/v2\/media?parent=3260"}],"wp:term":[{"taxonomy":"category","embeddable":true,"href":"https:\/\/naturnova.afundacion.org\/portal\/wp-json\/wp\/v2\/categories?post=3260"},{"taxonomy":"post_tag","embeddable":true,"href":"https:\/\/naturnova.afundacion.org\/portal\/wp-json\/wp\/v2\/tags?post=3260"}],"curies":[{"name":"wp","href":"https:\/\/api.w.org\/{rel}","templated":true}]}}