{"id":2987,"date":"2022-05-24T09:43:25","date_gmt":"2022-05-24T07:43:25","guid":{"rendered":"https:\/\/naturnova.afundacion.org\/portal\/?p=2987"},"modified":"2022-05-31T11:29:22","modified_gmt":"2022-05-31T09:29:22","slug":"obradoiro-con-bolboretas","status":"publish","type":"post","link":"https:\/\/naturnova.afundacion.org\/portal\/gl\/obradoiro-con-bolboretas\/","title":{"rendered":"Obradoiro con Bolboretas"},"content":{"rendered":"\n<figure class=\"wp-block-image size-large\"><img loading=\"lazy\" width=\"768\" height=\"600\" src=\"https:\/\/naturnova.afundacion.org\/portal\/wp-content\/uploads\/2022\/05\/taller_mariposas-3.png\" alt=\"\" class=\"wp-image-2989\" srcset=\"https:\/\/naturnova.afundacion.org\/portal\/wp-content\/uploads\/2022\/05\/taller_mariposas-3.png 768w, https:\/\/naturnova.afundacion.org\/portal\/wp-content\/uploads\/2022\/05\/taller_mariposas-3-300x234.png 300w\" sizes=\"(max-width: 768px) 100vw, 768px\" \/><\/figure>\n\n\n\n<p><strong>ENTRADAS AGOTADAS<\/strong><\/p>\n\n\n\n<p>O 5 de xu\u00f1o cel\u00e9brase o <a rel=\"noreferrer noopener\" href=\"https:\/\/www.un.org\/es\/observances\/environment-day\" target=\"_blank\">D\u00eda Mundial do Medio Ambiente<\/a> co lema #UnhaSoaTerra. Naturnova s\u00famase para celebralo con diferentes programas.<\/p>\n\n\n\n<p>O s\u00e1bado 4 de xu\u00f1o realizarase un taller con bolboretas vivas co obxectivo de achegar estes insectos ao p\u00fablico xeral. Durante o obradoiro aprenderemos como \u00e9 o seu ciclo vital, co\u00f1eceremos as diferentes partes, onde viven e incluso saberemos diferenciar entre bolboretas nocturnas e di\u00farnas. Poderemos tocar e ver exemplares de bolboretas, eirugas e cris\u00e1lidas.<\/p>\n\n\n\n<p>O contido adaptarase ao nivel das e dos participantes.&nbsp;<\/p>\n\n\n\n<p>Despois do obradoiro, poderase visitar o Centro Interactivo de Educaci\u00f3n Ambiental, Naturnova.<\/p>\n\n\n\n<p>Esta actividade engl\u00f3base no programa \u201c<a rel=\"noreferrer noopener\" href=\"https:\/\/culturaporalimentos.afundacion.org\" target=\"_blank\"><strong>Cultura por alimentos<\/strong><\/a>\u201d, que nesta ocasi\u00f3n se centra en produtos infanr\u00eds, como leite de f\u00f3rmula e papas ou tarri\u00f1os<\/p>\n\n\n\n<p>Para a realizaci\u00f3n da <strong>reserva<\/strong>&nbsp;ser\u00e1 a trav\u00e9s de Ataquilla no seguinte&nbsp;<a rel=\"noreferrer noopener\" href=\"https:\/\/entradas.ataquilla.com\/ventaentradas\/es\/varios\/centro-interactivo-de-educacion-ambiental-naturnova\/14005--taller-con-mariposas-mes-medioambiente-naturnova.html\" target=\"_blank\">link<\/a><\/p>\n","protected":false},"excerpt":{"rendered":"<p>ENTRADAS AGOTADAS O 5 de xu\u00f1o cel\u00e9brase o D\u00eda Mundial do Medio Ambiente co lema #UnhaSoaTerra. Naturnova s\u00famase para celebralo con diferentes programas. O s\u00e1bado 4 de xu\u00f1o realizarase un taller con bolboretas vivas co obxectivo de achegar estes insectos ao p\u00fablico xeral. Durante o obradoiro aprenderemos como \u00e9 o seu ciclo vital, co\u00f1eceremos as [&hellip;]<\/p>\n","protected":false},"author":1,"featured_media":2988,"comment_status":"closed","ping_status":"closed","sticky":false,"template":"","format":"standard","meta":[],"categories":[1],"tags":[],"_links":{"self":[{"href":"https:\/\/naturnova.afundacion.org\/portal\/wp-json\/wp\/v2\/posts\/2987"}],"collection":[{"href":"https:\/\/naturnova.afundacion.org\/portal\/wp-json\/wp\/v2\/posts"}],"about":[{"href":"https:\/\/naturnova.afundacion.org\/portal\/wp-json\/wp\/v2\/types\/post"}],"author":[{"embeddable":true,"href":"https:\/\/naturnova.afundacion.org\/portal\/wp-json\/wp\/v2\/users\/1"}],"replies":[{"embeddable":true,"href":"https:\/\/naturnova.afundacion.org\/portal\/wp-json\/wp\/v2\/comments?post=2987"}],"version-history":[{"count":3,"href":"https:\/\/naturnova.afundacion.org\/portal\/wp-json\/wp\/v2\/posts\/2987\/revisions"}],"predecessor-version":[{"id":2993,"href":"https:\/\/naturnova.afundacion.org\/portal\/wp-json\/wp\/v2\/posts\/2987\/revisions\/2993"}],"wp:featuredmedia":[{"embeddable":true,"href":"https:\/\/naturnova.afundacion.org\/portal\/wp-json\/wp\/v2\/media\/2988"}],"wp:attachment":[{"href":"https:\/\/naturnova.afundacion.org\/portal\/wp-json\/wp\/v2\/media?parent=2987"}],"wp:term":[{"taxonomy":"category","embeddable":true,"href":"https:\/\/naturnova.afundacion.org\/portal\/wp-json\/wp\/v2\/categories?post=2987"},{"taxonomy":"post_tag","embeddable":true,"href":"https:\/\/naturnova.afundacion.org\/portal\/wp-json\/wp\/v2\/tags?post=2987"}],"curies":[{"name":"wp","href":"https:\/\/api.w.org\/{rel}","templated":true}]}}