{"id":2978,"date":"2022-04-22T08:38:28","date_gmt":"2022-04-22T06:38:28","guid":{"rendered":"https:\/\/naturnova.afundacion.org\/portal\/?p=2978"},"modified":"2022-04-22T08:38:30","modified_gmt":"2022-04-22T06:38:30","slug":"celebra-o-dia-do-libro-e-o-dia-mundial-da-terra-con-naturnova-e-leva-o-teu","status":"publish","type":"post","link":"https:\/\/naturnova.afundacion.org\/portal\/gl\/celebra-o-dia-do-libro-e-o-dia-mundial-da-terra-con-naturnova-e-leva-o-teu\/","title":{"rendered":"Celebra o D\u00eda do Libro e o D\u00eda Mundial da Terra con Naturnova e leva o teu!"},"content":{"rendered":"\n<figure class=\"wp-block-image size-large\"><img loading=\"lazy\" width=\"1024\" height=\"941\" src=\"https:\/\/naturnova.afundacion.org\/portal\/wp-content\/uploads\/2022\/04\/dia-do-libro-1-1024x941.jpg\" alt=\"\" class=\"wp-image-2979\" srcset=\"https:\/\/naturnova.afundacion.org\/portal\/wp-content\/uploads\/2022\/04\/dia-do-libro-1-1024x941.jpg 1024w, https:\/\/naturnova.afundacion.org\/portal\/wp-content\/uploads\/2022\/04\/dia-do-libro-1-300x276.jpg 300w, https:\/\/naturnova.afundacion.org\/portal\/wp-content\/uploads\/2022\/04\/dia-do-libro-1-768x705.jpg 768w, https:\/\/naturnova.afundacion.org\/portal\/wp-content\/uploads\/2022\/04\/dia-do-libro-1.jpg 1080w\" sizes=\"(max-width: 1024px) 100vw, 1024px\" \/><\/figure>\n\n\n\n<p><\/p>\n\n\n\n<p>Con motivo do D\u00eda do Libro e o <a rel=\"noreferrer noopener\" href=\"https:\/\/www.un.org\/es\/observances\/earth-day\" target=\"_blank\">D\u00eda Internacional da Terra<\/a>, e co fin de incentivar a lectura na xente nova, pomos \u00e1 t\u00faa disposici\u00f3n en Naturnova unha serie de libros infant\u00eds que se poder\u00e1n adquirir a cambio de alimentos non perecedoiros, destinados ao Banco de Alimentos de Vigo, baixo o programa solidario <a rel=\"noreferrer noopener\" href=\"https:\/\/culturaporalimentos.afundacion.org\" target=\"_blank\">CULTURA POR ALIMENTOS<\/a><\/p>\n\n\n\n<p>Unha iniciativa que comeza o 23 de abril e que se manter\u00e1 at\u00e9 o s\u00e1bado 30, inclu\u00eddo, at\u00e9 esgotar existencias.<\/p>\n","protected":false},"excerpt":{"rendered":"<p>Con motivo do D\u00eda do Libro e o D\u00eda Internacional da Terra, e co fin de incentivar a lectura na xente nova, pomos \u00e1 t\u00faa disposici\u00f3n en Naturnova unha serie de libros infant\u00eds que se poder\u00e1n adquirir a cambio de alimentos non perecedoiros, destinados ao Banco de Alimentos de Vigo, baixo o programa solidario CULTURA [&hellip;]<\/p>\n","protected":false},"author":1,"featured_media":2979,"comment_status":"closed","ping_status":"closed","sticky":false,"template":"","format":"standard","meta":[],"categories":[1],"tags":[],"_links":{"self":[{"href":"https:\/\/naturnova.afundacion.org\/portal\/wp-json\/wp\/v2\/posts\/2978"}],"collection":[{"href":"https:\/\/naturnova.afundacion.org\/portal\/wp-json\/wp\/v2\/posts"}],"about":[{"href":"https:\/\/naturnova.afundacion.org\/portal\/wp-json\/wp\/v2\/types\/post"}],"author":[{"embeddable":true,"href":"https:\/\/naturnova.afundacion.org\/portal\/wp-json\/wp\/v2\/users\/1"}],"replies":[{"embeddable":true,"href":"https:\/\/naturnova.afundacion.org\/portal\/wp-json\/wp\/v2\/comments?post=2978"}],"version-history":[{"count":1,"href":"https:\/\/naturnova.afundacion.org\/portal\/wp-json\/wp\/v2\/posts\/2978\/revisions"}],"predecessor-version":[{"id":2980,"href":"https:\/\/naturnova.afundacion.org\/portal\/wp-json\/wp\/v2\/posts\/2978\/revisions\/2980"}],"wp:featuredmedia":[{"embeddable":true,"href":"https:\/\/naturnova.afundacion.org\/portal\/wp-json\/wp\/v2\/media\/2979"}],"wp:attachment":[{"href":"https:\/\/naturnova.afundacion.org\/portal\/wp-json\/wp\/v2\/media?parent=2978"}],"wp:term":[{"taxonomy":"category","embeddable":true,"href":"https:\/\/naturnova.afundacion.org\/portal\/wp-json\/wp\/v2\/categories?post=2978"},{"taxonomy":"post_tag","embeddable":true,"href":"https:\/\/naturnova.afundacion.org\/portal\/wp-json\/wp\/v2\/tags?post=2978"}],"curies":[{"name":"wp","href":"https:\/\/api.w.org\/{rel}","templated":true}]}}