{"id":2974,"date":"2022-04-22T08:33:42","date_gmt":"2022-04-22T06:33:42","guid":{"rendered":"https:\/\/naturnova.afundacion.org\/portal\/?p=2974"},"modified":"2022-04-22T08:33:43","modified_gmt":"2022-04-22T06:33:43","slug":"celebra-el-dia-del-libro-y-el-dia-mundial-de-la-tierra-con-naturnova","status":"publish","type":"post","link":"https:\/\/naturnova.afundacion.org\/portal\/es\/celebra-el-dia-del-libro-y-el-dia-mundial-de-la-tierra-con-naturnova\/","title":{"rendered":"Celebra el D\u00eda del Libro y el D\u00eda Mundial de la Tierra con Naturnova"},"content":{"rendered":"\n<figure class=\"wp-block-image size-large\"><img loading=\"lazy\" width=\"1024\" height=\"941\" src=\"https:\/\/naturnova.afundacion.org\/portal\/wp-content\/uploads\/2022\/04\/dia-do-libro-1024x941.jpg\" alt=\"\" class=\"wp-image-2975\" srcset=\"https:\/\/naturnova.afundacion.org\/portal\/wp-content\/uploads\/2022\/04\/dia-do-libro-1024x941.jpg 1024w, https:\/\/naturnova.afundacion.org\/portal\/wp-content\/uploads\/2022\/04\/dia-do-libro-300x276.jpg 300w, https:\/\/naturnova.afundacion.org\/portal\/wp-content\/uploads\/2022\/04\/dia-do-libro-768x705.jpg 768w, https:\/\/naturnova.afundacion.org\/portal\/wp-content\/uploads\/2022\/04\/dia-do-libro.jpg 1080w\" sizes=\"(max-width: 1024px) 100vw, 1024px\" \/><\/figure>\n\n\n\n<p>Con motivo del <strong>D\u00eda del Libro<\/strong> y el <a href=\"https:\/\/www.un.org\/es\/observances\/earth-day\" target=\"_blank\" rel=\"noreferrer noopener\"><strong>d\u00eda Mundia de la Tierra<\/strong><\/a>, y con el fin de incentivar la lectura en las y los m\u00e1s j\u00f3venes, ponemos a tu disposici\u00f3n en Naturnova una serie de libros infantiles que se podr\u00e1n adquirir a cambio de alimentos no perecederos, destinados al Banco de Alimentos de Vigo, bajo el programa solidario <a href=\"https:\/\/culturaporalimentos.afundacion.org\" target=\"_blank\" rel=\"noreferrer noopener\">CULTURA POR ALIMENTOS<\/a>.<\/p>\n\n\n\n<p>Una iniciativa que empieza el 23 de abril y se mantendr\u00e1 hasta el s\u00e1bado 30, incluido, hasta agotar existencias.<\/p>\n","protected":false},"excerpt":{"rendered":"<p>Con motivo del D\u00eda del Libro y el d\u00eda Mundia de la Tierra, y con el fin de incentivar la lectura en las y los m\u00e1s j\u00f3venes, ponemos a tu disposici\u00f3n en Naturnova una serie de libros infantiles que se podr\u00e1n adquirir a cambio de alimentos no perecederos, destinados al Banco de Alimentos de Vigo, [&hellip;]<\/p>\n","protected":false},"author":1,"featured_media":2979,"comment_status":"closed","ping_status":"closed","sticky":false,"template":"","format":"standard","meta":[],"categories":[60],"tags":[],"_links":{"self":[{"href":"https:\/\/naturnova.afundacion.org\/portal\/wp-json\/wp\/v2\/posts\/2974"}],"collection":[{"href":"https:\/\/naturnova.afundacion.org\/portal\/wp-json\/wp\/v2\/posts"}],"about":[{"href":"https:\/\/naturnova.afundacion.org\/portal\/wp-json\/wp\/v2\/types\/post"}],"author":[{"embeddable":true,"href":"https:\/\/naturnova.afundacion.org\/portal\/wp-json\/wp\/v2\/users\/1"}],"replies":[{"embeddable":true,"href":"https:\/\/naturnova.afundacion.org\/portal\/wp-json\/wp\/v2\/comments?post=2974"}],"version-history":[{"count":2,"href":"https:\/\/naturnova.afundacion.org\/portal\/wp-json\/wp\/v2\/posts\/2974\/revisions"}],"predecessor-version":[{"id":2977,"href":"https:\/\/naturnova.afundacion.org\/portal\/wp-json\/wp\/v2\/posts\/2974\/revisions\/2977"}],"wp:featuredmedia":[{"embeddable":true,"href":"https:\/\/naturnova.afundacion.org\/portal\/wp-json\/wp\/v2\/media\/2979"}],"wp:attachment":[{"href":"https:\/\/naturnova.afundacion.org\/portal\/wp-json\/wp\/v2\/media?parent=2974"}],"wp:term":[{"taxonomy":"category","embeddable":true,"href":"https:\/\/naturnova.afundacion.org\/portal\/wp-json\/wp\/v2\/categories?post=2974"},{"taxonomy":"post_tag","embeddable":true,"href":"https:\/\/naturnova.afundacion.org\/portal\/wp-json\/wp\/v2\/tags?post=2974"}],"curies":[{"name":"wp","href":"https:\/\/api.w.org\/{rel}","templated":true}]}}