{"id":2824,"date":"2021-09-08T09:23:43","date_gmt":"2021-09-08T07:23:43","guid":{"rendered":"https:\/\/naturnova.afundacion.org\/portal\/?p=2824"},"modified":"2021-09-10T08:02:04","modified_gmt":"2021-09-10T06:02:04","slug":"5-curiosidades-de-5-aves-marinas-2","status":"publish","type":"post","link":"https:\/\/naturnova.afundacion.org\/portal\/gl\/5-curiosidades-de-5-aves-marinas-2\/","title":{"rendered":"5 curiosidades de 5 aves marinas. Programa PLANCTON"},"content":{"rendered":"\n<p><strong><a rel=\"noreferrer noopener\" href=\"https:\/\/www.afundacion.org\/es\/mas-social\/plancton\" target=\"_blank\">PLANCTON<\/a><\/strong> (Plan de conservaci\u00f3n Territorial-ON) \u00e9 un plan multidisciplinar creado para fomentar conciencia e h\u00e1bitos sostibles na sociedade en xeral e no sector pesqueiro en particular; impulsando actuaci\u00f3ns responsables e compatibles coa conservaci\u00f3n do medio ambiente nas <strong>Zonas de Especial Protecci\u00f3n de Aves ( ZEPA) mari\u00f1as de Galicia<\/strong>.<\/p>\n\n\n\n<p>Est\u00e1 promovido por\u00a0<strong><a rel=\"noreferrer noopener\" href=\"https:\/\/afundacion.org\" target=\"_blank\">Afundaci\u00f3n<\/a><\/strong>,\u00a0a Obra Social de ABANCA\u00a0en colaboraci\u00f3n coa <strong><a rel=\"noreferrer noopener\" href=\"https:\/\/fundacion-biodiversidad.es\/es\" target=\"_blank\">Fundaci\u00f3n Biodiversidad<\/a><\/strong>, do Ministerio para la Transici\u00f3n Ecol\u00f3gica y el Reto Demogr\u00e1fico, a trav\u00e9s do Programa Pleamar, cofinanciado polo FEMP e \u00e9 complementario ao proxecto LIFE-IP INTEMARES.<\/p>\n\n\n\n<p>Desde o noso Centro Interactivo de Educaci\u00f3n Ambiental, queremos divulgar e promover o coidado das nosas aves mari\u00f1as por iso tra\u00e9mosvos 5 curiosidades de 5 aves representativas das nosas zonas ZEPAS mari\u00f1as.<\/p>\n\n\n\n<figure class=\"wp-block-image size-large\"><img loading=\"lazy\" width=\"993\" height=\"1024\" src=\"https:\/\/naturnova.afundacion.org\/portal\/wp-content\/uploads\/2021\/09\/Plancton_Aves-ZEPA_Corvo-marino-cristado-1-993x1024.png\" alt=\"\" class=\"wp-image-2812\" srcset=\"https:\/\/naturnova.afundacion.org\/portal\/wp-content\/uploads\/2021\/09\/Plancton_Aves-ZEPA_Corvo-marino-cristado-1-993x1024.png 993w, https:\/\/naturnova.afundacion.org\/portal\/wp-content\/uploads\/2021\/09\/Plancton_Aves-ZEPA_Corvo-marino-cristado-1-291x300.png 291w, https:\/\/naturnova.afundacion.org\/portal\/wp-content\/uploads\/2021\/09\/Plancton_Aves-ZEPA_Corvo-marino-cristado-1-768x792.png 768w, https:\/\/naturnova.afundacion.org\/portal\/wp-content\/uploads\/2021\/09\/Plancton_Aves-ZEPA_Corvo-marino-cristado-1.png 1047w\" sizes=\"(max-width: 993px) 100vw, 993px\" \/><\/figure>\n\n\n\n<p><\/p>\n\n\n\n<figure class=\"wp-block-image size-large\"><img loading=\"lazy\" width=\"993\" height=\"1024\" src=\"https:\/\/naturnova.afundacion.org\/portal\/wp-content\/uploads\/2021\/09\/Plancton_Aves-ZEPA_Gaivota-escura-993x1024.png\" alt=\"\" class=\"wp-image-2814\" srcset=\"https:\/\/naturnova.afundacion.org\/portal\/wp-content\/uploads\/2021\/09\/Plancton_Aves-ZEPA_Gaivota-escura-993x1024.png 993w, https:\/\/naturnova.afundacion.org\/portal\/wp-content\/uploads\/2021\/09\/Plancton_Aves-ZEPA_Gaivota-escura-291x300.png 291w, https:\/\/naturnova.afundacion.org\/portal\/wp-content\/uploads\/2021\/09\/Plancton_Aves-ZEPA_Gaivota-escura-768x792.png 768w, https:\/\/naturnova.afundacion.org\/portal\/wp-content\/uploads\/2021\/09\/Plancton_Aves-ZEPA_Gaivota-escura.png 1047w\" sizes=\"(max-width: 993px) 100vw, 993px\" \/><\/figure>\n\n\n\n<p><\/p>\n\n\n\n<p><\/p>\n\n\n\n<figure class=\"wp-block-image size-large\"><img loading=\"lazy\" width=\"993\" height=\"1024\" src=\"https:\/\/naturnova.afundacion.org\/portal\/wp-content\/uploads\/2021\/09\/Plancton_Aves-ZEPA_Mascato-1-993x1024.png\" alt=\"\" class=\"wp-image-2818\" srcset=\"https:\/\/naturnova.afundacion.org\/portal\/wp-content\/uploads\/2021\/09\/Plancton_Aves-ZEPA_Mascato-1-993x1024.png 993w, https:\/\/naturnova.afundacion.org\/portal\/wp-content\/uploads\/2021\/09\/Plancton_Aves-ZEPA_Mascato-1-291x300.png 291w, https:\/\/naturnova.afundacion.org\/portal\/wp-content\/uploads\/2021\/09\/Plancton_Aves-ZEPA_Mascato-1-768x792.png 768w, https:\/\/naturnova.afundacion.org\/portal\/wp-content\/uploads\/2021\/09\/Plancton_Aves-ZEPA_Mascato-1.png 1047w\" sizes=\"(max-width: 993px) 100vw, 993px\" \/><\/figure>\n\n\n\n<p><\/p>\n\n\n\n<figure class=\"wp-block-image size-large\"><img loading=\"lazy\" width=\"993\" height=\"1024\" src=\"https:\/\/naturnova.afundacion.org\/portal\/wp-content\/uploads\/2021\/09\/Plancton_Aves-ZEPA_Paino-pequeno-1-993x1024.png\" alt=\"\" class=\"wp-image-2817\" srcset=\"https:\/\/naturnova.afundacion.org\/portal\/wp-content\/uploads\/2021\/09\/Plancton_Aves-ZEPA_Paino-pequeno-1-993x1024.png 993w, https:\/\/naturnova.afundacion.org\/portal\/wp-content\/uploads\/2021\/09\/Plancton_Aves-ZEPA_Paino-pequeno-1-291x300.png 291w, https:\/\/naturnova.afundacion.org\/portal\/wp-content\/uploads\/2021\/09\/Plancton_Aves-ZEPA_Paino-pequeno-1-768x792.png 768w, https:\/\/naturnova.afundacion.org\/portal\/wp-content\/uploads\/2021\/09\/Plancton_Aves-ZEPA_Paino-pequeno-1.png 1047w\" sizes=\"(max-width: 993px) 100vw, 993px\" \/><\/figure>\n\n\n\n<p><\/p>\n\n\n\n<figure class=\"wp-block-image size-large\"><img loading=\"lazy\" width=\"993\" height=\"1024\" src=\"https:\/\/naturnova.afundacion.org\/portal\/wp-content\/uploads\/2021\/09\/Plancton_Aves-ZEPA_Pardela-encapuchada-993x1024.png\" alt=\"\" class=\"wp-image-2819\" srcset=\"https:\/\/naturnova.afundacion.org\/portal\/wp-content\/uploads\/2021\/09\/Plancton_Aves-ZEPA_Pardela-encapuchada-993x1024.png 993w, https:\/\/naturnova.afundacion.org\/portal\/wp-content\/uploads\/2021\/09\/Plancton_Aves-ZEPA_Pardela-encapuchada-291x300.png 291w, https:\/\/naturnova.afundacion.org\/portal\/wp-content\/uploads\/2021\/09\/Plancton_Aves-ZEPA_Pardela-encapuchada-768x792.png 768w, https:\/\/naturnova.afundacion.org\/portal\/wp-content\/uploads\/2021\/09\/Plancton_Aves-ZEPA_Pardela-encapuchada.png 1047w\" sizes=\"(max-width: 993px) 100vw, 993px\" \/><\/figure>\n\n\n\n<p><\/p>\n","protected":false},"excerpt":{"rendered":"<p>PLANCTON (Plan de conservaci\u00f3n Territorial-ON) \u00e9 un plan multidisciplinar creado para fomentar conciencia e h\u00e1bitos sostibles na sociedade en xeral e no sector pesqueiro en particular; impulsando actuaci\u00f3ns responsables e compatibles coa conservaci\u00f3n do medio ambiente nas Zonas de Especial Protecci\u00f3n de Aves ( ZEPA) mari\u00f1as de Galicia. Est\u00e1 promovido por\u00a0Afundaci\u00f3n,\u00a0a Obra Social de ABANCA\u00a0en [&hellip;]<\/p>\n","protected":false},"author":1,"featured_media":2825,"comment_status":"closed","ping_status":"closed","sticky":false,"template":"","format":"standard","meta":[],"categories":[1],"tags":[],"_links":{"self":[{"href":"https:\/\/naturnova.afundacion.org\/portal\/wp-json\/wp\/v2\/posts\/2824"}],"collection":[{"href":"https:\/\/naturnova.afundacion.org\/portal\/wp-json\/wp\/v2\/posts"}],"about":[{"href":"https:\/\/naturnova.afundacion.org\/portal\/wp-json\/wp\/v2\/types\/post"}],"author":[{"embeddable":true,"href":"https:\/\/naturnova.afundacion.org\/portal\/wp-json\/wp\/v2\/users\/1"}],"replies":[{"embeddable":true,"href":"https:\/\/naturnova.afundacion.org\/portal\/wp-json\/wp\/v2\/comments?post=2824"}],"version-history":[{"count":5,"href":"https:\/\/naturnova.afundacion.org\/portal\/wp-json\/wp\/v2\/posts\/2824\/revisions"}],"predecessor-version":[{"id":2845,"href":"https:\/\/naturnova.afundacion.org\/portal\/wp-json\/wp\/v2\/posts\/2824\/revisions\/2845"}],"wp:featuredmedia":[{"embeddable":true,"href":"https:\/\/naturnova.afundacion.org\/portal\/wp-json\/wp\/v2\/media\/2825"}],"wp:attachment":[{"href":"https:\/\/naturnova.afundacion.org\/portal\/wp-json\/wp\/v2\/media?parent=2824"}],"wp:term":[{"taxonomy":"category","embeddable":true,"href":"https:\/\/naturnova.afundacion.org\/portal\/wp-json\/wp\/v2\/categories?post=2824"},{"taxonomy":"post_tag","embeddable":true,"href":"https:\/\/naturnova.afundacion.org\/portal\/wp-json\/wp\/v2\/tags?post=2824"}],"curies":[{"name":"wp","href":"https:\/\/api.w.org\/{rel}","templated":true}]}}