{"id":2561,"date":"2025-11-26T08:21:33","date_gmt":"2025-11-26T07:21:33","guid":{"rendered":"https:\/\/naturnova.afundacion.org\/portal\/?p=2561"},"modified":"2025-11-26T08:29:01","modified_gmt":"2025-11-26T07:29:01","slug":"navidad-naturnova","status":"publish","type":"post","link":"https:\/\/naturnova.afundacion.org\/portal\/es\/navidad-naturnova\/","title":{"rendered":"Navidad Naturnova. Apertura y Taller de insectos"},"content":{"rendered":"<p><a href=\"https:\/\/naturnova.afundacion.org\/portal\/wp-content\/uploads\/2018\/12\/Sin-t\u00edtulo-1-001.jpg\"><img loading=\"lazy\" class=\"alignright size-full wp-image-2513\" src=\"https:\/\/naturnova.afundacion.org\/portal\/wp-content\/uploads\/2018\/12\/Sin-t\u00edtulo-1-001.jpg\" alt=\"\" width=\"1684\" height=\"1191\" srcset=\"https:\/\/naturnova.afundacion.org\/portal\/wp-content\/uploads\/2018\/12\/Sin-t\u00edtulo-1-001.jpg 1684w, https:\/\/naturnova.afundacion.org\/portal\/wp-content\/uploads\/2018\/12\/Sin-t\u00edtulo-1-001-300x212.jpg 300w, https:\/\/naturnova.afundacion.org\/portal\/wp-content\/uploads\/2018\/12\/Sin-t\u00edtulo-1-001-768x543.jpg 768w, https:\/\/naturnova.afundacion.org\/portal\/wp-content\/uploads\/2018\/12\/Sin-t\u00edtulo-1-001-1024x724.jpg 1024w\" sizes=\"(max-width: 1684px) 100vw, 1684px\" \/><\/a><\/p>\n<div>\n<p>Esta navidad <strong>Naturnova<\/strong> abre los d\u00edas 20, 27, de diciembre y 3 de enero, de <strong>17:30 a 20:30<\/strong>, abre sus puertas para ofrecerte una experiencia \u00fanica llena de diversi\u00f3n y aprendizaje. (Entrada gratuita a cambio de alimentos).<\/p>\n<p>\u00a0<\/p>\n<\/div>\n\n\n<\/p>\n<figure class=\"wp-block-image size-large\"><img loading=\"lazy\" width=\"1024\" height=\"658\" class=\"wp-image-3330\" src=\"https:\/\/naturnova.afundacion.org\/portal\/wp-content\/uploads\/2025\/11\/web-insectos-1024x658.jpg\" alt=\"\" srcset=\"https:\/\/naturnova.afundacion.org\/portal\/wp-content\/uploads\/2025\/11\/web-insectos-1024x658.jpg 1024w, https:\/\/naturnova.afundacion.org\/portal\/wp-content\/uploads\/2025\/11\/web-insectos-300x193.jpg 300w, https:\/\/naturnova.afundacion.org\/portal\/wp-content\/uploads\/2025\/11\/web-insectos-768x494.jpg 768w, https:\/\/naturnova.afundacion.org\/portal\/wp-content\/uploads\/2025\/11\/web-insectos.jpg 1400w\" sizes=\"(max-width: 1024px) 100vw, 1024px\" \/><\/figure>\n<p>\n\n\n<p>\u00a0<\/p>\n<p>Naturnova ofrecemos unos talleres especiales sobre insectos y ar\u00e1cnidos, acercando estos magn\u00edficos animales al p\u00fablico general. Los d\u00edas\u00a0<strong>23, 26 y 30 de diciembre y 2 de enero<\/strong>\u00a0de\u00a0<strong>11:30 a 13:00<\/strong>, ni\u00f1os, ni\u00f1as y j\u00f3venes podr\u00e1n ver, tocar y aprender de la manera m\u00e1s l\u00fadica sobre mariposas, insectos palo gigantes, tar\u00e1ntulas, escorpiones y un largo etc\u00e9tera de bichos.<\/p>\n<p>Inscripciones aqu\u00ed en este <a href=\"https:\/\/forms.gle\/s4ei9m4aXU79J2Gr6\" target=\"_blank\" rel=\"noopener noreferrer\">enlace<\/a>\u00a0<\/p>\n<p>Esta actividad se engloba en el programa\u00a0<strong>Cultura por alimentos<\/strong>, por lo que para el\u00a0 acceso a este taller es imprescindible tener las plazas infantiles reservadas y aportar el d\u00eda del taller alimentos no perecederos destinados al Banco de Alimentos de Vigo, sino se cobrar\u00e1 una entrada de 5\u20ac\/ni\u00f1@<\/p>\n<p>Celebra las fiestas de una manera \u00fanica, educativa y solidaria en Naturnova. \u00a1Esperamos verte para compartir momentos especiales y construir recuerdos inolvidables! \u00a1Te garantizamos una experiencia festiva como ninguna otra!<\/p>\n\n\n<p><\/p>\n","protected":false},"excerpt":{"rendered":"<p>Esta navidad Naturnova abre los d\u00edas 20, 27, de diciembre y 3 de enero, de 17:30 a 20:30, abre sus puertas para ofrecerte una experiencia \u00fanica llena de diversi\u00f3n y aprendizaje. (Entrada gratuita a cambio de alimentos). \u00a0 \u00a0 Naturnova ofrecemos unos talleres especiales sobre insectos y ar\u00e1cnidos, acercando estos magn\u00edficos animales al p\u00fablico general. [&hellip;]<\/p>\n","protected":false},"author":1,"featured_media":2513,"comment_status":"closed","ping_status":"closed","sticky":false,"template":"","format":"standard","meta":[],"categories":[60],"tags":[],"_links":{"self":[{"href":"https:\/\/naturnova.afundacion.org\/portal\/wp-json\/wp\/v2\/posts\/2561"}],"collection":[{"href":"https:\/\/naturnova.afundacion.org\/portal\/wp-json\/wp\/v2\/posts"}],"about":[{"href":"https:\/\/naturnova.afundacion.org\/portal\/wp-json\/wp\/v2\/types\/post"}],"author":[{"embeddable":true,"href":"https:\/\/naturnova.afundacion.org\/portal\/wp-json\/wp\/v2\/users\/1"}],"replies":[{"embeddable":true,"href":"https:\/\/naturnova.afundacion.org\/portal\/wp-json\/wp\/v2\/comments?post=2561"}],"version-history":[{"count":7,"href":"https:\/\/naturnova.afundacion.org\/portal\/wp-json\/wp\/v2\/posts\/2561\/revisions"}],"predecessor-version":[{"id":3337,"href":"https:\/\/naturnova.afundacion.org\/portal\/wp-json\/wp\/v2\/posts\/2561\/revisions\/3337"}],"wp:featuredmedia":[{"embeddable":true,"href":"https:\/\/naturnova.afundacion.org\/portal\/wp-json\/wp\/v2\/media\/2513"}],"wp:attachment":[{"href":"https:\/\/naturnova.afundacion.org\/portal\/wp-json\/wp\/v2\/media?parent=2561"}],"wp:term":[{"taxonomy":"category","embeddable":true,"href":"https:\/\/naturnova.afundacion.org\/portal\/wp-json\/wp\/v2\/categories?post=2561"},{"taxonomy":"post_tag","embeddable":true,"href":"https:\/\/naturnova.afundacion.org\/portal\/wp-json\/wp\/v2\/tags?post=2561"}],"curies":[{"name":"wp","href":"https:\/\/api.w.org\/{rel}","templated":true}]}}