{"id":2045,"date":"2022-06-08T00:00:01","date_gmt":"2022-06-07T22:00:01","guid":{"rendered":"http:\/\/naturnova.afundacion.org\/portal\/?p=2045"},"modified":"2022-06-08T14:12:00","modified_gmt":"2022-06-08T12:12:00","slug":"xornada-de-portas-abertas-dia-mundial-do-medio-ambiente","status":"publish","type":"post","link":"https:\/\/naturnova.afundacion.org\/portal\/gl\/xornada-de-portas-abertas-dia-mundial-do-medio-ambiente\/","title":{"rendered":"Xornada de portas abertas, D\u00eda Mundial do Medio Ambiente"},"content":{"rendered":"\n<figure class=\"wp-block-image size-large\"><img loading=\"lazy\" width=\"1024\" height=\"576\" src=\"https:\/\/naturnova.afundacion.org\/portal\/wp-content\/uploads\/2022\/06\/environmental-protection-g362712c1b_1280-2-1024x576.jpg\" alt=\"\" class=\"wp-image-3016\" srcset=\"https:\/\/naturnova.afundacion.org\/portal\/wp-content\/uploads\/2022\/06\/environmental-protection-g362712c1b_1280-2-1024x576.jpg 1024w, https:\/\/naturnova.afundacion.org\/portal\/wp-content\/uploads\/2022\/06\/environmental-protection-g362712c1b_1280-2-300x169.jpg 300w, https:\/\/naturnova.afundacion.org\/portal\/wp-content\/uploads\/2022\/06\/environmental-protection-g362712c1b_1280-2-768x432.jpg 768w, https:\/\/naturnova.afundacion.org\/portal\/wp-content\/uploads\/2022\/06\/environmental-protection-g362712c1b_1280-2.jpg 1280w\" sizes=\"(max-width: 1024px) 100vw, 1024px\" \/><\/figure>\n\n\n<p>O 5 de Xu\u00f1o, como cada ano desde 1973 cel\u00e9brase o d\u00eda mundial do medio ambiente. O obxectivo deste d\u00eda \u00e9 concienciar \u00e1 xente da importancia de respectalo e coidalo. O lema deste ano \u00e9 <em>&#8220;#UnhaSoaTerra&#8221;<\/em>\u00a0e como pa\u00eds anfitri\u00f3n a Suecia, onde se far\u00e1n as celebraci\u00f3ns oficiais. En Naturnova queremos celebralo, coma sempre, cunha xornada de portas abertas, polo que este <strong>s\u00e1bado<\/strong>\u00a0d\u00eda 11<strong>\u00a0de Xu\u00f1o,<\/strong> de <strong>17:30-20:30,<\/strong> poder\u00e1s vir gozar do noso Centro Interactivo de maneira totalmente <strong>gratu\u00edta<\/strong>.<\/p>\n<p>Esta actividade engl\u00f3base no programa \u201c<a href=\"https:\/\/culturaporalimentos.afundacion.org\" target=\"_blank\" rel=\"noreferrer noopener\"><strong>Cultura por alimentos<\/strong><\/a>\u201d, que nesta ocasi\u00f3n se centra en produtos infanr\u00eds, como leite de f\u00f3rmula e papas ou tarri\u00f1os<\/p>\n<p>Div\u00edrtete descubrindo os segredos dos planetas, \u00a0visualiza o funcionamento das enerx\u00edas renovables ou realiza unha viaxe virtual polo fondo da r\u00eda no noso simulador de submarino!<\/p>\n<p>Esper\u00e1mosvos este s\u00e1bado d\u00eda 11 de Xu\u00f1o!<\/p>\n<p>Para calquera consulta non dubides en chamarnos ao tel\u00e9fono <strong>986120088<\/strong> ou en <strong>naturnova@afundacion.org<\/strong><\/p>","protected":false},"excerpt":{"rendered":"<p>O 5 de Xu\u00f1o, como cada ano desde 1973 cel\u00e9brase o d\u00eda mundial do medio ambiente. O obxectivo deste d\u00eda \u00e9 concienciar \u00e1 xente da importancia de respectalo e coidalo. O lema deste ano \u00e9 &#8220;#UnhaSoaTerra&#8221;\u00a0e como pa\u00eds anfitri\u00f3n a Suecia, onde se far\u00e1n as celebraci\u00f3ns oficiais. En Naturnova queremos celebralo, coma sempre, cunha xornada [&hellip;]<\/p>\n","protected":false},"author":1,"featured_media":3014,"comment_status":"closed","ping_status":"closed","sticky":false,"template":"","format":"standard","meta":[],"categories":[1],"tags":[],"_links":{"self":[{"href":"https:\/\/naturnova.afundacion.org\/portal\/wp-json\/wp\/v2\/posts\/2045"}],"collection":[{"href":"https:\/\/naturnova.afundacion.org\/portal\/wp-json\/wp\/v2\/posts"}],"about":[{"href":"https:\/\/naturnova.afundacion.org\/portal\/wp-json\/wp\/v2\/types\/post"}],"author":[{"embeddable":true,"href":"https:\/\/naturnova.afundacion.org\/portal\/wp-json\/wp\/v2\/users\/1"}],"replies":[{"embeddable":true,"href":"https:\/\/naturnova.afundacion.org\/portal\/wp-json\/wp\/v2\/comments?post=2045"}],"version-history":[{"count":7,"href":"https:\/\/naturnova.afundacion.org\/portal\/wp-json\/wp\/v2\/posts\/2045\/revisions"}],"predecessor-version":[{"id":3018,"href":"https:\/\/naturnova.afundacion.org\/portal\/wp-json\/wp\/v2\/posts\/2045\/revisions\/3018"}],"wp:featuredmedia":[{"embeddable":true,"href":"https:\/\/naturnova.afundacion.org\/portal\/wp-json\/wp\/v2\/media\/3014"}],"wp:attachment":[{"href":"https:\/\/naturnova.afundacion.org\/portal\/wp-json\/wp\/v2\/media?parent=2045"}],"wp:term":[{"taxonomy":"category","embeddable":true,"href":"https:\/\/naturnova.afundacion.org\/portal\/wp-json\/wp\/v2\/categories?post=2045"},{"taxonomy":"post_tag","embeddable":true,"href":"https:\/\/naturnova.afundacion.org\/portal\/wp-json\/wp\/v2\/tags?post=2045"}],"curies":[{"name":"wp","href":"https:\/\/api.w.org\/{rel}","templated":true}]}}