{"id":2031,"date":"2022-06-08T00:00:18","date_gmt":"2022-06-07T22:00:18","guid":{"rendered":"http:\/\/naturnova.afundacion.org\/portal\/?p=2031"},"modified":"2022-06-08T14:02:05","modified_gmt":"2022-06-08T12:02:05","slug":"jornada-puertas-abiertas-dia-mundial-del-medio-ambiente","status":"publish","type":"post","link":"https:\/\/naturnova.afundacion.org\/portal\/es\/jornada-puertas-abiertas-dia-mundial-del-medio-ambiente\/","title":{"rendered":"Jornada puertas abiertas, D\u00eda Mundial del Medio Ambiente"},"content":{"rendered":"\n<figure class=\"wp-block-image size-large\"><img loading=\"lazy\" width=\"1024\" height=\"576\" src=\"https:\/\/naturnova.afundacion.org\/portal\/wp-content\/uploads\/2022\/06\/environmental-protection-g362712c1b_1280-1024x576.jpg\" alt=\"\" class=\"wp-image-3013\" srcset=\"https:\/\/naturnova.afundacion.org\/portal\/wp-content\/uploads\/2022\/06\/environmental-protection-g362712c1b_1280-1024x576.jpg 1024w, https:\/\/naturnova.afundacion.org\/portal\/wp-content\/uploads\/2022\/06\/environmental-protection-g362712c1b_1280-300x169.jpg 300w, https:\/\/naturnova.afundacion.org\/portal\/wp-content\/uploads\/2022\/06\/environmental-protection-g362712c1b_1280-768x432.jpg 768w, https:\/\/naturnova.afundacion.org\/portal\/wp-content\/uploads\/2022\/06\/environmental-protection-g362712c1b_1280.jpg 1280w\" sizes=\"(max-width: 1024px) 100vw, 1024px\" \/><\/figure>\n\n\n<p>El 5 de Junio, como cada a\u00f1o desde 1973 se celebra el d\u00eda mundial del medio ambiente. El objetivo de este d\u00eda es concienciar a la gente de la importancia de respetarlo y cuidarlo. El lema de este a\u00f1o es <em>\u201cUna sola Tierra\u201d<\/em> y como pa\u00eds anfitri\u00f3n Suecia, donde se realizar\u00e1n los actos oficiales. En Naturnova queremos celebrarlo, como siempre, con una jornada de puertas abiertas, por lo que este <strong>s\u00e1bado<\/strong>\u00a0d\u00eda 11<strong>\u00a0de Junio,<\/strong> de <strong>17:30-20:30<\/strong> podr\u00e1s venir a disfrutar de nuestro Centro Interactivo de manera totalmente <strong>gratuita<\/strong>.<\/p>\n<p>Esta actividad se engloba en el programa \u201c<strong><a href=\"https:\/\/culturaporalimentos.afundacion.org\" target=\"_blank\" rel=\"noreferrer noopener\" data-type=\"URL\" data-id=\"https:\/\/culturaporalimentos.afundacion.org\">Cultura por alimentos<\/a><\/strong>\u201d, en esta ocasi\u00f3n recogeremos productos para los m\u00e1s peque\u00f1@s como<strong> leche de f\u00f3rmula y papillas o potitos infantiles.<\/strong><\/p>\n<p>Divi\u00e9rtete descubriendo los secretos de los planetas, \u00a0visualiza el funcionamiento de las energ\u00edas renovables o realiza un viaje virtual por el fondo de la r\u00eda en nuestro simulador de submarino!<\/p>\n<p>Os esperamos este s\u00e1bado d\u00eda 11 de Junio!<\/p>\n<p>Para cualquier consulta no dudes en llamarnos al tel\u00e9fono <strong>986120088<\/strong> o en <strong>naturnova@afundacion.org<\/strong><\/p>","protected":false},"excerpt":{"rendered":"<p>El 5 de Junio, como cada a\u00f1o desde 1973 se celebra el d\u00eda mundial del medio ambiente. El objetivo de este d\u00eda es concienciar a la gente de la importancia de respetarlo y cuidarlo. El lema de este a\u00f1o es \u201cUna sola Tierra\u201d y como pa\u00eds anfitri\u00f3n Suecia, donde se realizar\u00e1n los actos oficiales. En [&hellip;]<\/p>\n","protected":false},"author":1,"featured_media":3014,"comment_status":"closed","ping_status":"closed","sticky":false,"template":"","format":"standard","meta":[],"categories":[60],"tags":[],"_links":{"self":[{"href":"https:\/\/naturnova.afundacion.org\/portal\/wp-json\/wp\/v2\/posts\/2031"}],"collection":[{"href":"https:\/\/naturnova.afundacion.org\/portal\/wp-json\/wp\/v2\/posts"}],"about":[{"href":"https:\/\/naturnova.afundacion.org\/portal\/wp-json\/wp\/v2\/types\/post"}],"author":[{"embeddable":true,"href":"https:\/\/naturnova.afundacion.org\/portal\/wp-json\/wp\/v2\/users\/1"}],"replies":[{"embeddable":true,"href":"https:\/\/naturnova.afundacion.org\/portal\/wp-json\/wp\/v2\/comments?post=2031"}],"version-history":[{"count":9,"href":"https:\/\/naturnova.afundacion.org\/portal\/wp-json\/wp\/v2\/posts\/2031\/revisions"}],"predecessor-version":[{"id":3015,"href":"https:\/\/naturnova.afundacion.org\/portal\/wp-json\/wp\/v2\/posts\/2031\/revisions\/3015"}],"wp:featuredmedia":[{"embeddable":true,"href":"https:\/\/naturnova.afundacion.org\/portal\/wp-json\/wp\/v2\/media\/3014"}],"wp:attachment":[{"href":"https:\/\/naturnova.afundacion.org\/portal\/wp-json\/wp\/v2\/media?parent=2031"}],"wp:term":[{"taxonomy":"category","embeddable":true,"href":"https:\/\/naturnova.afundacion.org\/portal\/wp-json\/wp\/v2\/categories?post=2031"},{"taxonomy":"post_tag","embeddable":true,"href":"https:\/\/naturnova.afundacion.org\/portal\/wp-json\/wp\/v2\/tags?post=2031"}],"curies":[{"name":"wp","href":"https:\/\/api.w.org\/{rel}","templated":true}]}}