{"id":1693,"date":"2024-03-14T09:00:00","date_gmt":"2024-03-14T08:00:00","guid":{"rendered":"http:\/\/naturnova.afundacion.org\/portal\/?p=1693"},"modified":"2024-03-14T09:03:33","modified_gmt":"2024-03-14T08:03:33","slug":"semana-santa-en-naturnova","status":"publish","type":"post","link":"https:\/\/naturnova.afundacion.org\/portal\/gl\/semana-santa-en-naturnova\/","title":{"rendered":"Semana Santa 2024 en Naturnova"},"content":{"rendered":"\n<div class=\"wp-block-image\"><figure class=\"alignleft size-large is-resized\"><img loading=\"lazy\" src=\"https:\/\/naturnova.afundacion.org\/portal\/wp-content\/uploads\/2024\/03\/horario_naturnova_a3_SS_page-0001-724x1024.jpg\" alt=\"\" class=\"wp-image-3182\" width=\"248\" height=\"351\" srcset=\"https:\/\/naturnova.afundacion.org\/portal\/wp-content\/uploads\/2024\/03\/horario_naturnova_a3_SS_page-0001-724x1024.jpg 724w, https:\/\/naturnova.afundacion.org\/portal\/wp-content\/uploads\/2024\/03\/horario_naturnova_a3_SS_page-0001-212x300.jpg 212w, https:\/\/naturnova.afundacion.org\/portal\/wp-content\/uploads\/2024\/03\/horario_naturnova_a3_SS_page-0001-768x1086.jpg 768w, https:\/\/naturnova.afundacion.org\/portal\/wp-content\/uploads\/2024\/03\/horario_naturnova_a3_SS_page-0001-1086x1536.jpg 1086w, https:\/\/naturnova.afundacion.org\/portal\/wp-content\/uploads\/2024\/03\/horario_naturnova_a3_SS_page-0001-1448x2048.jpg 1448w, https:\/\/naturnova.afundacion.org\/portal\/wp-content\/uploads\/2024\/03\/horario_naturnova_a3_SS_page-0001.jpg 1754w\" sizes=\"(max-width: 248px) 100vw, 248px\" \/><\/figure><\/div>\n\n\n<p>Queres vivir unha verdadeira <strong>aventura<\/strong> en pleno centro de Vigo? Esta <span style=\"color: #333333;\"><strong>Semana Santa Naturnova<\/strong><\/span> abre as s\u00faas portas para que todos e todas poidades pasar unha estupenda tarde en familia descubrindo os misterios m\u00e1is fondos da natureza e do medio.<\/p>\n<p>Marca xa no calendario os d\u00edas <span style=\"color: #333333;\"><strong>25, 26 e 27 de marzo<\/strong><\/span>\u00a0porque, de <span style=\"color: #333333;\"><strong>17:30 a 20:30<\/strong><\/span>, tes unha cita co noso museo interactivo na r\u00faa Vel\u00e1zquez Moreno. Un museo \u00fanico na cidade no que poder\u00e1s facer unha viaxe submarina, tocar\u00a0unha nube ou adentrarte nas profundidades do Sistema Solar.<\/p>\n<p>Se queres o plan perfecto para a t\u00faa familia non dubides en visitarnos.<\/p>\n<p>Ademais, este ano, podes pagar a t\u00faa entrada con alimentos, xa que Naturnova s\u00famase ao programa &#8220;<a href=\"https:\/\/culturaporalimentos.afundacion.org\" target=\"_blank\" rel=\"noopener noreferrer\"><strong>Cultura por alimentos<\/strong><\/a>&#8220;, que ir\u00e1n destinados ao banco de alimentos.<\/p>\n<p>Esta Semana Santa esper\u00e1moste en Naturnova. <span style=\"color: #333333;\"><strong>Acomp\u00e1\u00f1anos!<\/strong><\/span><\/p>","protected":false},"excerpt":{"rendered":"<p>Queres vivir unha verdadeira aventura en pleno centro de Vigo? Esta Semana Santa Naturnova abre as s\u00faas portas para que todos e todas poidades pasar unha estupenda tarde en familia descubrindo os misterios m\u00e1is fondos da natureza e do medio. Marca xa no calendario os d\u00edas 25, 26 e 27 de marzo\u00a0porque, de 17:30 a [&hellip;]<\/p>\n","protected":false},"author":1,"featured_media":2410,"comment_status":"closed","ping_status":"closed","sticky":false,"template":"","format":"standard","meta":[],"categories":[1],"tags":[],"_links":{"self":[{"href":"https:\/\/naturnova.afundacion.org\/portal\/wp-json\/wp\/v2\/posts\/1693"}],"collection":[{"href":"https:\/\/naturnova.afundacion.org\/portal\/wp-json\/wp\/v2\/posts"}],"about":[{"href":"https:\/\/naturnova.afundacion.org\/portal\/wp-json\/wp\/v2\/types\/post"}],"author":[{"embeddable":true,"href":"https:\/\/naturnova.afundacion.org\/portal\/wp-json\/wp\/v2\/users\/1"}],"replies":[{"embeddable":true,"href":"https:\/\/naturnova.afundacion.org\/portal\/wp-json\/wp\/v2\/comments?post=1693"}],"version-history":[{"count":9,"href":"https:\/\/naturnova.afundacion.org\/portal\/wp-json\/wp\/v2\/posts\/1693\/revisions"}],"predecessor-version":[{"id":3183,"href":"https:\/\/naturnova.afundacion.org\/portal\/wp-json\/wp\/v2\/posts\/1693\/revisions\/3183"}],"wp:featuredmedia":[{"embeddable":true,"href":"https:\/\/naturnova.afundacion.org\/portal\/wp-json\/wp\/v2\/media\/2410"}],"wp:attachment":[{"href":"https:\/\/naturnova.afundacion.org\/portal\/wp-json\/wp\/v2\/media?parent=1693"}],"wp:term":[{"taxonomy":"category","embeddable":true,"href":"https:\/\/naturnova.afundacion.org\/portal\/wp-json\/wp\/v2\/categories?post=1693"},{"taxonomy":"post_tag","embeddable":true,"href":"https:\/\/naturnova.afundacion.org\/portal\/wp-json\/wp\/v2\/tags?post=1693"}],"curies":[{"name":"wp","href":"https:\/\/api.w.org\/{rel}","templated":true}]}}