{"id":1627,"date":"2017-05-10T13:44:35","date_gmt":"2017-05-10T11:44:35","guid":{"rendered":"http:\/\/naturnova.afundacion.org\/portal\/?p=1627"},"modified":"2017-06-21T10:09:47","modified_gmt":"2017-06-21T08:09:47","slug":"perdiches-as-nosas-actividades-de-semana-santa","status":"publish","type":"post","link":"https:\/\/naturnova.afundacion.org\/portal\/gl\/perdiches-as-nosas-actividades-de-semana-santa\/","title":{"rendered":"Perdiches as nosas actividades de Semana Santa?"},"content":{"rendered":"<p><a href=\"http:\/\/naturnova.afundacion.org\/portal\/wp-content\/uploads\/2017\/04\/sala2-e1492518306902.jpg\"><img loading=\"lazy\" class=\"wp-image-1601 size-full aligncenter\" src=\"http:\/\/naturnova.afundacion.org\/portal\/wp-content\/uploads\/2017\/04\/sala2-e1492518306902.jpg\" alt=\"\" width=\"530\" height=\"246\" srcset=\"https:\/\/naturnova.afundacion.org\/portal\/wp-content\/uploads\/2017\/04\/sala2-e1492518306902.jpg 530w, https:\/\/naturnova.afundacion.org\/portal\/wp-content\/uploads\/2017\/04\/sala2-e1492518306902-300x139.jpg 300w\" sizes=\"(max-width: 530px) 100vw, 530px\" \/><\/a><\/p>\n<p>Pois non te preocupes! Como levamos facendo os \u00faltimos 13 anos, o noso centro volver\u00e1 abrir as s\u00faas portas ao p\u00fablico <strong>todos os s\u00e1bados de 17:30 &#8211; 20:30<\/strong> ata o final do mes de Xu\u00f1o.<\/p>\n<p>Ademais, ata ese mes, continuaremos coa actividade <strong>&#8220;Naturnova en Familia&#8221;<\/strong> para que os m\u00e1is pequenos poidan demostrar os seus co\u00f1ecementos ambientais e levar un estupendo agasallo do noso querido Pintafontes.<\/p>\n<p>Para m\u00e1is informaci\u00f3n non dubides en contactarnos tanto no tel\u00e9fono <strong>986120088<\/strong> como por correo en <strong>naturnova@afundacion.org.<\/strong><\/p>\n<p>Moit\u00edsimas grazas a todos os que vi\u00f1estes estas vacaci\u00f3ns. Aos demais esper\u00e1mosvos, como sempre, aqu\u00ed, en Naturnova.<\/p>\n<p>Atr\u00e9vete a descubrir a Natureza dende unha nova perspectiva \ud83d\ude09<\/p>\n","protected":false},"excerpt":{"rendered":"<p>Pois non te preocupes! Como levamos facendo os \u00faltimos 13 anos, o noso centro volver\u00e1 abrir as s\u00faas portas ao p\u00fablico todos os s\u00e1bados de 17:30 &#8211; 20:30 ata o final do mes de Xu\u00f1o. Ademais, ata ese mes, continuaremos coa actividade &#8220;Naturnova en Familia&#8221; para que os m\u00e1is pequenos poidan demostrar os seus co\u00f1ecementos [&hellip;]<\/p>\n","protected":false},"author":1,"featured_media":0,"comment_status":"closed","ping_status":"closed","sticky":false,"template":"","format":"standard","meta":[],"categories":[1],"tags":[],"_links":{"self":[{"href":"https:\/\/naturnova.afundacion.org\/portal\/wp-json\/wp\/v2\/posts\/1627"}],"collection":[{"href":"https:\/\/naturnova.afundacion.org\/portal\/wp-json\/wp\/v2\/posts"}],"about":[{"href":"https:\/\/naturnova.afundacion.org\/portal\/wp-json\/wp\/v2\/types\/post"}],"author":[{"embeddable":true,"href":"https:\/\/naturnova.afundacion.org\/portal\/wp-json\/wp\/v2\/users\/1"}],"replies":[{"embeddable":true,"href":"https:\/\/naturnova.afundacion.org\/portal\/wp-json\/wp\/v2\/comments?post=1627"}],"version-history":[{"count":2,"href":"https:\/\/naturnova.afundacion.org\/portal\/wp-json\/wp\/v2\/posts\/1627\/revisions"}],"predecessor-version":[{"id":1629,"href":"https:\/\/naturnova.afundacion.org\/portal\/wp-json\/wp\/v2\/posts\/1627\/revisions\/1629"}],"wp:attachment":[{"href":"https:\/\/naturnova.afundacion.org\/portal\/wp-json\/wp\/v2\/media?parent=1627"}],"wp:term":[{"taxonomy":"category","embeddable":true,"href":"https:\/\/naturnova.afundacion.org\/portal\/wp-json\/wp\/v2\/categories?post=1627"},{"taxonomy":"post_tag","embeddable":true,"href":"https:\/\/naturnova.afundacion.org\/portal\/wp-json\/wp\/v2\/tags?post=1627"}],"curies":[{"name":"wp","href":"https:\/\/api.w.org\/{rel}","templated":true}]}}